{"id":258,"date":"2024-10-02T17:58:34","date_gmt":"2024-10-02T17:58:34","guid":{"rendered":"https:\/\/karacarehabilitasyon.tekalp.com\/?p=258"},"modified":"2024-10-10T20:31:46","modified_gmt":"2024-10-10T20:31:46","slug":"karaca-rehabilitasyon-2024-ekim-etkinlikleri","status":"publish","type":"post","link":"https:\/\/karacarehabilitasyon.tekalp.com\/?p=258","title":{"rendered":"Karaca Rehabilitasyon 2024 Ekim Etkinlikleri"},"content":{"rendered":"<p>Karaca Rehabilitasyon 2024 Ekim Etkinlikleri<\/p>\n<p>Kurumumuz \u00f6\u011frencileri ile bu ay i\u00e7erisinde PSK do\u011fa kamp\u0131na kat\u0131l\u0131m sa\u011flanacak ve Erasmus Days etkinlikleri yap\u0131lacakt\u0131r.<\/p>\n<p>&nbsp;<\/p>\n<p><img loading=\"lazy\" decoding=\"async\" class=\"aligncenter size-medium wp-image-259\" src=\"https:\/\/karacarehabilitasyon.tekalp.com\/wp-content\/uploads\/2024\/10\/erasmusdayspsk2-300x162.jpg\" alt=\"\" width=\"300\" height=\"162\" srcset=\"https:\/\/karacarehabilitasyon.tekalp.com\/wp-content\/uploads\/2024\/10\/erasmusdayspsk2-300x162.jpg 300w, https:\/\/karacarehabilitasyon.tekalp.com\/wp-content\/uploads\/2024\/10\/erasmusdayspsk2-1024x554.jpg 1024w, https:\/\/karacarehabilitasyon.tekalp.com\/wp-content\/uploads\/2024\/10\/erasmusdayspsk2.jpg 1600w\" sizes=\"auto, (max-width: 300px) 100vw, 300px\" \/><\/p>\n<p>g\u00fcncellenecektir&#8230;.<\/p>\n","protected":false},"excerpt":{"rendered":"<p>Karaca Rehabilitasyon 2024 Ekim Etkinlikleri Kurumumuz \u00f6\u011frencileri ile bu ay i\u00e7erisinde PSK do\u011fa kamp\u0131na kat\u0131l\u0131m sa\u011flanacak ve Erasmus<\/p>\n","protected":false},"author":1,"featured_media":259,"comment_status":"open","ping_status":"open","sticky":false,"template":"","format":"standard","meta":{"footnotes":""},"categories":[16],"tags":[],"class_list":["post-258","post","type-post","status-publish","format-standard","has-post-thumbnail","hentry","category-haberler"],"aioseo_notices":[],"_links":{"self":[{"href":"https:\/\/karacarehabilitasyon.tekalp.com\/index.php?rest_route=\/wp\/v2\/posts\/258","targetHints":{"allow":["GET"]}}],"collection":[{"href":"https:\/\/karacarehabilitasyon.tekalp.com\/index.php?rest_route=\/wp\/v2\/posts"}],"about":[{"href":"https:\/\/karacarehabilitasyon.tekalp.com\/index.php?rest_route=\/wp\/v2\/types\/post"}],"author":[{"embeddable":true,"href":"https:\/\/karacarehabilitasyon.tekalp.com\/index.php?rest_route=\/wp\/v2\/users\/1"}],"replies":[{"embeddable":true,"href":"https:\/\/karacarehabilitasyon.tekalp.com\/index.php?rest_route=%2Fwp%2Fv2%2Fcomments&post=258"}],"version-history":[{"count":1,"href":"https:\/\/karacarehabilitasyon.tekalp.com\/index.php?rest_route=\/wp\/v2\/posts\/258\/revisions"}],"predecessor-version":[{"id":260,"href":"https:\/\/karacarehabilitasyon.tekalp.com\/index.php?rest_route=\/wp\/v2\/posts\/258\/revisions\/260"}],"wp:featuredmedia":[{"embeddable":true,"href":"https:\/\/karacarehabilitasyon.tekalp.com\/index.php?rest_route=\/wp\/v2\/media\/259"}],"wp:attachment":[{"href":"https:\/\/karacarehabilitasyon.tekalp.com\/index.php?rest_route=%2Fwp%2Fv2%2Fmedia&parent=258"}],"wp:term":[{"taxonomy":"category","embeddable":true,"href":"https:\/\/karacarehabilitasyon.tekalp.com\/index.php?rest_route=%2Fwp%2Fv2%2Fcategories&post=258"},{"taxonomy":"post_tag","embeddable":true,"href":"https:\/\/karacarehabilitasyon.tekalp.com\/index.php?rest_route=%2Fwp%2Fv2%2Ftags&post=258"}],"curies":[{"name":"wp","href":"https:\/\/api.w.org\/{rel}","templated":true}]}}