{"id":313,"date":"2025-03-21T16:37:43","date_gmt":"2025-03-21T16:37:43","guid":{"rendered":"https:\/\/karacarehabilitasyon.tekalp.com\/?p=313"},"modified":"2025-03-21T16:37:43","modified_gmt":"2025-03-21T16:37:43","slug":"farkliliklarimiz-guzelligimizdir-sevgi-her-seyi-esitler","status":"publish","type":"post","link":"https:\/\/karacarehabilitasyon.tekalp.com\/?p=313","title":{"rendered":"&#8220;Farkl\u0131l\u0131klar\u0131m\u0131z g\u00fczelli\u011fimizdir. Sevgi her \u015feyi e\u015fitler!&#8221;"},"content":{"rendered":"<p><a href=\"https:\/\/youtube.com\/shorts\/wAqO8iXq2os?si=vzo04mGqiO1uyKd_\"><img loading=\"lazy\" decoding=\"async\" class=\"aligncenter  wp-image-314\" src=\"https:\/\/karacarehabilitasyon.tekalp.com\/wp-content\/uploads\/2025\/03\/WhatsApp-Gorsel-2025-03-21-saat-19.31.46_6352cdac-300x225.jpg\" alt=\"\" width=\"356\" height=\"267\" srcset=\"https:\/\/karacarehabilitasyon.tekalp.com\/wp-content\/uploads\/2025\/03\/WhatsApp-Gorsel-2025-03-21-saat-19.31.46_6352cdac-300x225.jpg 300w, https:\/\/karacarehabilitasyon.tekalp.com\/wp-content\/uploads\/2025\/03\/WhatsApp-Gorsel-2025-03-21-saat-19.31.46_6352cdac-1024x768.jpg 1024w, https:\/\/karacarehabilitasyon.tekalp.com\/wp-content\/uploads\/2025\/03\/WhatsApp-Gorsel-2025-03-21-saat-19.31.46_6352cdac-768x576.jpg 768w, https:\/\/karacarehabilitasyon.tekalp.com\/wp-content\/uploads\/2025\/03\/WhatsApp-Gorsel-2025-03-21-saat-19.31.46_6352cdac-1536x1152.jpg 1536w, https:\/\/karacarehabilitasyon.tekalp.com\/wp-content\/uploads\/2025\/03\/WhatsApp-Gorsel-2025-03-21-saat-19.31.46_6352cdac.jpg 1600w\" sizes=\"auto, (max-width: 356px) 100vw, 356px\" \/><\/a><\/p>\n","protected":false},"excerpt":{"rendered":"","protected":false},"author":1,"featured_media":0,"comment_status":"open","ping_status":"open","sticky":false,"template":"","format":"standard","meta":{"footnotes":""},"categories":[16,15,1],"tags":[40,41,42,14,10],"class_list":["post-313","post","type-post","status-publish","format-standard","hentry","category-haberler","category-karaca","category-karacarehabilitasyon","tag-21-mart","tag-down-sendromu","tag-farkindalik","tag-karaisali","tag-ozel-egitim"],"aioseo_notices":[],"_links":{"self":[{"href":"https:\/\/karacarehabilitasyon.tekalp.com\/index.php?rest_route=\/wp\/v2\/posts\/313","targetHints":{"allow":["GET"]}}],"collection":[{"href":"https:\/\/karacarehabilitasyon.tekalp.com\/index.php?rest_route=\/wp\/v2\/posts"}],"about":[{"href":"https:\/\/karacarehabilitasyon.tekalp.com\/index.php?rest_route=\/wp\/v2\/types\/post"}],"author":[{"embeddable":true,"href":"https:\/\/karacarehabilitasyon.tekalp.com\/index.php?rest_route=\/wp\/v2\/users\/1"}],"replies":[{"embeddable":true,"href":"https:\/\/karacarehabilitasyon.tekalp.com\/index.php?rest_route=%2Fwp%2Fv2%2Fcomments&post=313"}],"version-history":[{"count":1,"href":"https:\/\/karacarehabilitasyon.tekalp.com\/index.php?rest_route=\/wp\/v2\/posts\/313\/revisions"}],"predecessor-version":[{"id":315,"href":"https:\/\/karacarehabilitasyon.tekalp.com\/index.php?rest_route=\/wp\/v2\/posts\/313\/revisions\/315"}],"wp:attachment":[{"href":"https:\/\/karacarehabilitasyon.tekalp.com\/index.php?rest_route=%2Fwp%2Fv2%2Fmedia&parent=313"}],"wp:term":[{"taxonomy":"category","embeddable":true,"href":"https:\/\/karacarehabilitasyon.tekalp.com\/index.php?rest_route=%2Fwp%2Fv2%2Fcategories&post=313"},{"taxonomy":"post_tag","embeddable":true,"href":"https:\/\/karacarehabilitasyon.tekalp.com\/index.php?rest_route=%2Fwp%2Fv2%2Ftags&post=313"}],"curies":[{"name":"wp","href":"https:\/\/api.w.org\/{rel}","templated":true}]}}