{"id":349,"date":"2025-06-19T10:07:43","date_gmt":"2025-06-19T10:07:43","guid":{"rendered":"https:\/\/karacarehabilitasyon.tekalp.com\/?p=349"},"modified":"2025-06-19T10:07:43","modified_gmt":"2025-06-19T10:07:43","slug":"paralimpik-spor-kulubu-ailesiyle-dolu-dolu-bir-gun","status":"publish","type":"post","link":"https:\/\/karacarehabilitasyon.tekalp.com\/?p=349","title":{"rendered":"Paralimpik Spor Kul\u00fcb\u00fc Ailesiyle Dolu Dolu Bir G\u00fcn!"},"content":{"rendered":"<p><a href=\"https:\/\/youtube.com\/shorts\/GGftLYOEkww?feature=share\"><img loading=\"lazy\" decoding=\"async\" class=\"aligncenter size-medium wp-image-350\" src=\"https:\/\/karacarehabilitasyon.tekalp.com\/wp-content\/uploads\/2025\/06\/WhatsApp-Gorsel-2025-06-19-saat-13.04.00_1a0257c8-300x225.jpg\" alt=\"\" width=\"300\" height=\"225\" srcset=\"https:\/\/karacarehabilitasyon.tekalp.com\/wp-content\/uploads\/2025\/06\/WhatsApp-Gorsel-2025-06-19-saat-13.04.00_1a0257c8-300x225.jpg 300w, https:\/\/karacarehabilitasyon.tekalp.com\/wp-content\/uploads\/2025\/06\/WhatsApp-Gorsel-2025-06-19-saat-13.04.00_1a0257c8-1024x768.jpg 1024w, https:\/\/karacarehabilitasyon.tekalp.com\/wp-content\/uploads\/2025\/06\/WhatsApp-Gorsel-2025-06-19-saat-13.04.00_1a0257c8-768x576.jpg 768w, https:\/\/karacarehabilitasyon.tekalp.com\/wp-content\/uploads\/2025\/06\/WhatsApp-Gorsel-2025-06-19-saat-13.04.00_1a0257c8-1536x1152.jpg 1536w, https:\/\/karacarehabilitasyon.tekalp.com\/wp-content\/uploads\/2025\/06\/WhatsApp-Gorsel-2025-06-19-saat-13.04.00_1a0257c8.jpg 2048w\" sizes=\"auto, (max-width: 300px) 100vw, 300px\" \/><\/a><\/p>\n","protected":false},"excerpt":{"rendered":"","protected":false},"author":1,"featured_media":0,"comment_status":"open","ping_status":"open","sticky":false,"template":"","format":"standard","meta":{"footnotes":""},"categories":[16,15,1],"tags":[18,44,45,21,14,10,46],"class_list":["post-349","post","type-post","status-publish","format-standard","hentry","category-haberler","category-karaca","category-karacarehabilitasyon","tag-adana","tag-aslantas-kamp","tag-genclik","tag-karaca","tag-karaisali","tag-ozel-egitim","tag-yaz"],"aioseo_notices":[],"_links":{"self":[{"href":"https:\/\/karacarehabilitasyon.tekalp.com\/index.php?rest_route=\/wp\/v2\/posts\/349","targetHints":{"allow":["GET"]}}],"collection":[{"href":"https:\/\/karacarehabilitasyon.tekalp.com\/index.php?rest_route=\/wp\/v2\/posts"}],"about":[{"href":"https:\/\/karacarehabilitasyon.tekalp.com\/index.php?rest_route=\/wp\/v2\/types\/post"}],"author":[{"embeddable":true,"href":"https:\/\/karacarehabilitasyon.tekalp.com\/index.php?rest_route=\/wp\/v2\/users\/1"}],"replies":[{"embeddable":true,"href":"https:\/\/karacarehabilitasyon.tekalp.com\/index.php?rest_route=%2Fwp%2Fv2%2Fcomments&post=349"}],"version-history":[{"count":1,"href":"https:\/\/karacarehabilitasyon.tekalp.com\/index.php?rest_route=\/wp\/v2\/posts\/349\/revisions"}],"predecessor-version":[{"id":351,"href":"https:\/\/karacarehabilitasyon.tekalp.com\/index.php?rest_route=\/wp\/v2\/posts\/349\/revisions\/351"}],"wp:attachment":[{"href":"https:\/\/karacarehabilitasyon.tekalp.com\/index.php?rest_route=%2Fwp%2Fv2%2Fmedia&parent=349"}],"wp:term":[{"taxonomy":"category","embeddable":true,"href":"https:\/\/karacarehabilitasyon.tekalp.com\/index.php?rest_route=%2Fwp%2Fv2%2Fcategories&post=349"},{"taxonomy":"post_tag","embeddable":true,"href":"https:\/\/karacarehabilitasyon.tekalp.com\/index.php?rest_route=%2Fwp%2Fv2%2Ftags&post=349"}],"curies":[{"name":"wp","href":"https:\/\/api.w.org\/{rel}","templated":true}]}}